{"id":1610,"date":"2026-09-01T21:11:27","date_gmt":"2026-09-01T21:11:27","guid":{"rendered":"https:\/\/pueblasports.com\/?p=1610"},"modified":"2026-09-01T21:11:27","modified_gmt":"2026-09-01T21:11:27","slug":"borregos-puebla-listos-para-la-temporada-2026","status":"publish","type":"post","link":"https:\/\/pueblasports.com\/index.php\/2026\/09\/01\/borregos-puebla-listos-para-la-temporada-2026\/","title":{"rendered":"Borregos Puebla listos para la Temporada 2026"},"content":{"rendered":"\n<p>Por: Roc\u00edo Torres<\/p>\n\n\n\n<p>El equipo representativo del Instituto Tecnol\u00f3gico de Monterrey Campus Puebla se present\u00f3 ante los medios de comunicaci\u00f3n y la aficion poblana con miras a la Temporada 2026 de Liga Mayor de la Onefa.<\/p>\n\n\n\n<figure class=\"wp-block-image size-large\"><img loading=\"lazy\" width=\"1024\" height=\"683\" src=\"https:\/\/pueblasports.com\/wp-content\/uploads\/2026\/09\/Chiotorresc_-2-1024x683.jpg\" alt=\"\" class=\"wp-image-1611\" srcset=\"https:\/\/pueblasports.com\/wp-content\/uploads\/2026\/09\/Chiotorresc_-2-1024x683.jpg 1024w, https:\/\/pueblasports.com\/wp-content\/uploads\/2026\/09\/Chiotorresc_-2-300x200.jpg 300w, https:\/\/pueblasports.com\/wp-content\/uploads\/2026\/09\/Chiotorresc_-2-768x512.jpg 768w, https:\/\/pueblasports.com\/wp-content\/uploads\/2026\/09\/Chiotorresc_-2-1536x1024.jpg 1536w, https:\/\/pueblasports.com\/wp-content\/uploads\/2026\/09\/Chiotorresc_-2-2048x1365.jpg 2048w\" sizes=\"(max-width: 1024px) 100vw, 1024px\" \/><figcaption>FOTO: @Chiotorresc_<\/figcaption><\/figure>\n\n\n\n<p>Un a\u00f1o m\u00e1s bajo el mando del Head Coach Eric Fisher la escuadra azul dio a conocer a los jugadores que defender\u00e1n los colores este a\u00f1o. Los capitanes Alejandro Noguez\u00a0defensivo y Luis Serrano P\u00e9rez ofensivo se declararon listos y sobretodo felices y orgullosos de poder ser borregos.<\/p>\n\n\n\n<figure class=\"wp-block-image size-large\"><img loading=\"lazy\" width=\"1024\" height=\"734\" src=\"https:\/\/pueblasports.com\/wp-content\/uploads\/2026\/09\/Chiotorresc_-6-1024x734.jpg\" alt=\"\" class=\"wp-image-1612\" srcset=\"https:\/\/pueblasports.com\/wp-content\/uploads\/2026\/09\/Chiotorresc_-6-1024x734.jpg 1024w, https:\/\/pueblasports.com\/wp-content\/uploads\/2026\/09\/Chiotorresc_-6-300x215.jpg 300w, https:\/\/pueblasports.com\/wp-content\/uploads\/2026\/09\/Chiotorresc_-6-768x550.jpg 768w, https:\/\/pueblasports.com\/wp-content\/uploads\/2026\/09\/Chiotorresc_-6-1536x1101.jpg 1536w, https:\/\/pueblasports.com\/wp-content\/uploads\/2026\/09\/Chiotorresc_-6-2048x1468.jpg 2048w\" sizes=\"(max-width: 1024px) 100vw, 1024px\" \/><figcaption>FOTO: @Chiotorresc_<\/figcaption><\/figure>\n\n\n\n<p>Los<strong>\u00a0<\/strong>poblanos\u00a0disputar\u00e1n cinco encuentros como locales durante la temporada, todos programados para los s\u00e1bados a las 13:00 horas en el Cr\u00e1ter Azul. El primer compromiso de la escuadra ser\u00e1 viajando a Guadalajara para enfrentar a sus similares del Tec GDL, en La Fortaleza el pr\u00f3ximo 5 de septiembre a las 16:00 horas.<\/p>\n\n\n\n<figure class=\"wp-block-image size-large\"><img loading=\"lazy\" width=\"1024\" height=\"683\" src=\"https:\/\/pueblasports.com\/wp-content\/uploads\/2026\/09\/Chiotorresc_-10-1024x683.jpg\" alt=\"\" class=\"wp-image-1613\" srcset=\"https:\/\/pueblasports.com\/wp-content\/uploads\/2026\/09\/Chiotorresc_-10-1024x683.jpg 1024w, https:\/\/pueblasports.com\/wp-content\/uploads\/2026\/09\/Chiotorresc_-10-300x200.jpg 300w, https:\/\/pueblasports.com\/wp-content\/uploads\/2026\/09\/Chiotorresc_-10-768x512.jpg 768w, https:\/\/pueblasports.com\/wp-content\/uploads\/2026\/09\/Chiotorresc_-10-1536x1024.jpg 1536w, https:\/\/pueblasports.com\/wp-content\/uploads\/2026\/09\/Chiotorresc_-10-2048x1365.jpg 2048w\" sizes=\"(max-width: 1024px) 100vw, 1024px\" \/><figcaption>FOTO: @Chiotorresc_<\/figcaption><\/figure>\n\n\n\n<p>El primer partido de local ante Monterrey en el cr\u00e1ter azul un partido con morbo por recibir a su ex corredor estrella Fernando Mayen pero ahora como contrincante.<\/p>\n\n\n\n<figure class=\"wp-block-image size-full\"><img loading=\"lazy\" width=\"399\" height=\"501\" src=\"https:\/\/pueblasports.com\/wp-content\/uploads\/2026\/09\/images.jpg\" alt=\"\" class=\"wp-image-1614\" srcset=\"https:\/\/pueblasports.com\/wp-content\/uploads\/2026\/09\/images.jpg 399w, https:\/\/pueblasports.com\/wp-content\/uploads\/2026\/09\/images-239x300.jpg 239w\" sizes=\"(max-width: 399px) 100vw, 399px\" \/><\/figure>\n","protected":false},"excerpt":{"rendered":"<p>Por: Roc\u00edo Torres El equipo representativo del Instituto Tecnol\u00f3gico de Monterrey Campus Puebla se present\u00f3 ante los medios de comunicaci\u00f3n y la aficion poblana con miras a la Temporada 2026 de Liga Mayor de la Onefa. Un a\u00f1o m\u00e1s bajo el mando del Head Coach Eric Fisher la escuadra azul dio a conocer a los [&hellip;]<\/p>\n","protected":false},"author":2,"featured_media":1615,"comment_status":"open","ping_status":"open","sticky":false,"template":"","format":"standard","meta":[],"categories":[247],"tags":[473,488,507,484,505],"amp_enabled":true,"_links":{"self":[{"href":"https:\/\/pueblasports.com\/index.php\/wp-json\/wp\/v2\/posts\/1610"}],"collection":[{"href":"https:\/\/pueblasports.com\/index.php\/wp-json\/wp\/v2\/posts"}],"about":[{"href":"https:\/\/pueblasports.com\/index.php\/wp-json\/wp\/v2\/types\/post"}],"author":[{"embeddable":true,"href":"https:\/\/pueblasports.com\/index.php\/wp-json\/wp\/v2\/users\/2"}],"replies":[{"embeddable":true,"href":"https:\/\/pueblasports.com\/index.php\/wp-json\/wp\/v2\/comments?post=1610"}],"version-history":[{"count":1,"href":"https:\/\/pueblasports.com\/index.php\/wp-json\/wp\/v2\/posts\/1610\/revisions"}],"predecessor-version":[{"id":1616,"href":"https:\/\/pueblasports.com\/index.php\/wp-json\/wp\/v2\/posts\/1610\/revisions\/1616"}],"wp:featuredmedia":[{"embeddable":true,"href":"https:\/\/pueblasports.com\/index.php\/wp-json\/wp\/v2\/media\/1615"}],"wp:attachment":[{"href":"https:\/\/pueblasports.com\/index.php\/wp-json\/wp\/v2\/media?parent=1610"}],"wp:term":[{"taxonomy":"category","embeddable":true,"href":"https:\/\/pueblasports.com\/index.php\/wp-json\/wp\/v2\/categories?post=1610"},{"taxonomy":"post_tag","embeddable":true,"href":"https:\/\/pueblasports.com\/index.php\/wp-json\/wp\/v2\/tags?post=1610"}],"curies":[{"name":"wp","href":"https:\/\/api.w.org\/{rel}","templated":true}]}}