{"id":663,"date":"2022-01-21T05:18:41","date_gmt":"2022-01-21T05:18:41","guid":{"rendered":"https:\/\/pueblasports.com\/index.php\/2022\/01\/21\/aztecas-de-la-udlap-no-participara-en-la-onefa-por-problemas-legales-2\/"},"modified":"2022-01-28T02:43:38","modified_gmt":"2022-01-28T02:43:38","slug":"aztecas-de-la-udlap-no-participara-en-la-onefa-por-problemas-legales-2","status":"publish","type":"post","link":"https:\/\/pueblasports.com\/index.php\/2022\/01\/21\/aztecas-de-la-udlap-no-participara-en-la-onefa-por-problemas-legales-2\/","title":{"rendered":"AZTECAS DE LA UDLAP NO PARTICIPAR\u00c1 EN LA ONEFA POR PROBLEMAS LEGALES"},"content":{"rendered":"<p>A trav\u00e9s de un comunicado la Universidad de las Am\u00e9ricas Puebla dio a conocer su declinaci\u00f3n a participar en la temporada 2021 de la Organizaci\u00f3n Nacional Estudiantil de F\u00fatbol Americano, esto derivado de los problemas legales por los que atraviesa la instituci\u00f3n.<\/p>\n<figure><img title=\"Foto: Especial\" src=\"https:\/\/static.wixstatic.com\/media\/fed170_ef64ed9d3db74b40a48ffbdd63eb022b~mv2.jpg\/v1\/fit\/w_580,h_386,al_c,q_80\/file.png\"><\/figure>\n<p>El d\u00eda de hoy a trav\u00e9s de un comunicado en redes sociales la oficina de rector\u00eda dio a conocer a la afici\u00f3n la decisi\u00f3n de declinar su participaci\u00f3n en la temporada pr\u00f3xima a iniciar en el mes de noviembre. Esto como consecuencia de la falta de instalaciones para llevar a cabo los entrenamientos as\u00ed como de condiciones \u00f3ptimas para los jugadores quienes no han dejado de prepararse durante todo el a\u00f1o para su esperado regreso a los emparrillados y por supuesto a su tan amado Templo del dolor.<\/p>\n<p>A lo largo de este a\u00f1o la UDLAP se ha visto envuelta en diversos esc\u00e1ndalos ocasionados por problemas legales entre los patronatos que dirigen la instituci\u00f3n. Se debe recordar que a finales de Junio las instalaciones de la universidad fueron tomadas por elementos de seguridad p\u00fablica, lo que obstaculiz\u00f3 el regreso a clases que ya se ten\u00eda programado para los alumnos que esperaban con ansias el retorno a las aulas, esto sumado a los conflictos entre patronatos que derivar\u00eda en marchas y protestas por parte de los estudiantes quienes ped\u00edan la liberaci\u00f3n de su Campus y mostraban el apoyo a su actual rector Luis Ernesto Derbez.<\/p>\n<p>Tres meses despu\u00e9s las instalaciones siguen sin poder ser utilizadas lo que ha a afectado a toda la comunidad estudiantil y por supuesto a los atletas de la universidad.&nbsp; Entre ellos el equipo representativo de f\u00fatbol americano Aztecas.<\/p>\n<p>Esto sin duda deja un hueco importante en la liga la cual por primera vez en mucho tiempo volv\u00eda a tener equipos de CONADEIP Y ONEFA juntos, enfrent\u00e1ndose en conjunto. Adem\u00e1s de un duro golpe a la afici\u00f3n poblana que esperaba ver de nueva cuenta a la tribu verde y naranja tras un largo periodo sin f\u00fatbol.<\/p>\n","protected":false},"excerpt":{"rendered":"<p>A trav\u00e9s de un comunicado la Universidad de las Am\u00e9ricas Puebla dio a conocer su declinaci\u00f3n a participar en la temporada 2021 de la&#8230;<\/p>\n","protected":false},"author":1,"featured_media":702,"comment_status":"open","ping_status":"open","sticky":false,"template":"","format":"standard","meta":[],"categories":[247],"tags":[278],"amp_enabled":true,"_links":{"self":[{"href":"https:\/\/pueblasports.com\/index.php\/wp-json\/wp\/v2\/posts\/663"}],"collection":[{"href":"https:\/\/pueblasports.com\/index.php\/wp-json\/wp\/v2\/posts"}],"about":[{"href":"https:\/\/pueblasports.com\/index.php\/wp-json\/wp\/v2\/types\/post"}],"author":[{"embeddable":true,"href":"https:\/\/pueblasports.com\/index.php\/wp-json\/wp\/v2\/users\/1"}],"replies":[{"embeddable":true,"href":"https:\/\/pueblasports.com\/index.php\/wp-json\/wp\/v2\/comments?post=663"}],"version-history":[{"count":3,"href":"https:\/\/pueblasports.com\/index.php\/wp-json\/wp\/v2\/posts\/663\/revisions"}],"predecessor-version":[{"id":719,"href":"https:\/\/pueblasports.com\/index.php\/wp-json\/wp\/v2\/posts\/663\/revisions\/719"}],"wp:featuredmedia":[{"embeddable":true,"href":"https:\/\/pueblasports.com\/index.php\/wp-json\/wp\/v2\/media\/702"}],"wp:attachment":[{"href":"https:\/\/pueblasports.com\/index.php\/wp-json\/wp\/v2\/media?parent=663"}],"wp:term":[{"taxonomy":"category","embeddable":true,"href":"https:\/\/pueblasports.com\/index.php\/wp-json\/wp\/v2\/categories?post=663"},{"taxonomy":"post_tag","embeddable":true,"href":"https:\/\/pueblasports.com\/index.php\/wp-json\/wp\/v2\/tags?post=663"}],"curies":[{"name":"wp","href":"https:\/\/api.w.org\/{rel}","templated":true}]}}