{"id":665,"date":"2022-01-21T05:18:41","date_gmt":"2022-01-21T05:18:41","guid":{"rendered":"https:\/\/pueblasports.com\/index.php\/2022\/01\/21\/fuimos-merecedores-sin-duda-que-con-merecimiento-solo-no-alcanza-javier-berges\/"},"modified":"2022-01-28T02:45:31","modified_gmt":"2022-01-28T02:45:31","slug":"fuimos-merecedores-sin-duda-que-con-merecimiento-solo-no-alcanza-javier-berges","status":"publish","type":"post","link":"https:\/\/pueblasports.com\/index.php\/2022\/01\/21\/fuimos-merecedores-sin-duda-que-con-merecimiento-solo-no-alcanza-javier-berges\/","title":{"rendered":"\u00abFuimos merecedores, sin duda que con merecimiento solo no alcanza\u00bb Javier Berges"},"content":{"rendered":"<p>Ximena Carre\u00f3n \/ @iximenacarreon<\/p>\n<p>Tras finalizar el encuentro ante Santos Laguna y tras la expulsi\u00f3n del director t\u00e9cnico del club Puebla, el auxiliar tecnico del club Javier Berges habl\u00f3\u00a0de las conclusiones del partido, las expulsiones y lo que est\u00e1\u00a0buscando el club para estar en esos 12 primeros lugares.<\/p>\n<figure><img title=\"Foto: cortes\u00eda Club Puebla\" src=\"https:\/\/static.wixstatic.com\/media\/fed170_49dbea039a614bd78f25d1dccee9d36b~mv2.jpg\/v1\/fit\/w_1000,h_1000,al_c,q_80\/file.png\" \/><\/figure>\n<p>\u00abSin duda que la sensaci\u00f3n es de mucha bronca porque se nos escapan 2 puntos que creemos hicimos los meritos para poder llevarnos, en una cancha de las m\u00e1s dif\u00edciles de la categor\u00eda, de un rival de mucha jerarqu\u00eda, creo que nos plantamos de la manera que hab\u00edamos pensado, estuvimos muy prendidos en lo que fue el partido y bueno lamentablemente se nos escapa ah\u00ed\u00bb coment\u00f3 Berges sobre la principal conclusi\u00f3n de lo sucedido.<\/p>\n<p>En los minutos de compensaci\u00f3n el club Puebla sufri\u00f3 las expulsiones de Israel Reyes y del profesor Larcam\u00f3n, a lo cual Javier Berges mencion\u00f3 que: \u00abCon el tema de las expulsiones yo todav\u00eda no vi la jugada de Israel, de Nicol\u00e1s lo que puedo decir es que lo \u00fanico que hizo fue preguntar cu\u00e1nto tiempo m\u00e1s se iba a jugar porque dentro de la adici\u00f3n hab\u00edan pasado cosas, entonces no sab\u00edamos si se terminaba realmente a los seis o si se iba a jugar m\u00e1s, el solo se alzo a preguntar eso y en todo ese tumulto se va expulsado\u00bb.<\/p>\n<p>Al club Puebla se le ha complicado cada uno de los partidos y a pesar de mostrarse superiores en la mayoria de los encuentros equipos logran sacarle el empate, cuestion\u00e1ndose\u00a0si esta racha podr\u00eda causar un efecto negativo.<\/p>\n<p>\u00abNo, la sensaci\u00f3n de bronca de estos \u00faltimos cuatro puntos que se nos escapan dentro de la hora en el partido ante San Luis y lo que fue el d\u00eda de hoy, pero el grupo est\u00e1\u00a0convencido de que nosotros hoy enfrentado un rival de la jerarqu\u00eda que enfrentamos mereciendo ganar el partido plant\u00e1ndonos como nos plantamos, despu\u00e9s son circunstancias de f\u00fatbol pero a nosotros no nos cambia el camino y el saber por d\u00f3nde queremos ir\u00bb<\/p>\n<p>Respecto al equipo, Berges se\u00f1al\u00f3 que el grupo est\u00e1 muy unido, fuerte y convencido de lo que quiere, sabiendo que es un camino que va hacer duro por los rivales que no regalan nada, sabiendo que el partido sali\u00f3\u00a0tal cual se habia planeado y trabajado a lo largo de la semana faltando el \u00faltimo empuj\u00f3n.<\/p>\n<p>\u00abSiempre hay cosas por ajustar, siempre somos muy cr\u00edticos de nosotros mismos, somos de analizar much\u00edsimo las cosas pero tambi\u00e9n somos conscientes y nos quedamos much\u00edsimo con lo positivo de lo que hizo este grupo tanto el otro d\u00eda como hoy creo que fuimos merecedores, sin duda que con merecimiento solo no alcanza\u00bb finzal\u00f3iz\u00a0Berges sobre el resultado del empate.<\/p>\n<p>Se viene una semana intensa de trabajo para poder enfrentar al Cruz Azul y poder volver a encontrarse con la victoria que tanto le hace falta a los dirigidos por Nicol\u00e1s Larcam\u00f3n, quien tendr\u00e1 que ver el encuentro en las gradas del Cuauht\u00e9moc.<\/p>\n","protected":false},"excerpt":{"rendered":"<p>Ximena Carre\u00f3n \/ @iximenacarreon Tras finalizar el encuentro ante Santos Laguna y tras la expulsi\u00f3n del director t\u00e9cnico del club Puebla,&#8230;<\/p>\n","protected":false},"author":1,"featured_media":0,"comment_status":"open","ping_status":"open","sticky":false,"template":"","format":"standard","meta":[],"categories":[248],"tags":[280,272],"amp_enabled":true,"_links":{"self":[{"href":"https:\/\/pueblasports.com\/index.php\/wp-json\/wp\/v2\/posts\/665"}],"collection":[{"href":"https:\/\/pueblasports.com\/index.php\/wp-json\/wp\/v2\/posts"}],"about":[{"href":"https:\/\/pueblasports.com\/index.php\/wp-json\/wp\/v2\/types\/post"}],"author":[{"embeddable":true,"href":"https:\/\/pueblasports.com\/index.php\/wp-json\/wp\/v2\/users\/1"}],"replies":[{"embeddable":true,"href":"https:\/\/pueblasports.com\/index.php\/wp-json\/wp\/v2\/comments?post=665"}],"version-history":[{"count":3,"href":"https:\/\/pueblasports.com\/index.php\/wp-json\/wp\/v2\/posts\/665\/revisions"}],"predecessor-version":[{"id":721,"href":"https:\/\/pueblasports.com\/index.php\/wp-json\/wp\/v2\/posts\/665\/revisions\/721"}],"wp:attachment":[{"href":"https:\/\/pueblasports.com\/index.php\/wp-json\/wp\/v2\/media?parent=665"}],"wp:term":[{"taxonomy":"category","embeddable":true,"href":"https:\/\/pueblasports.com\/index.php\/wp-json\/wp\/v2\/categories?post=665"},{"taxonomy":"post_tag","embeddable":true,"href":"https:\/\/pueblasports.com\/index.php\/wp-json\/wp\/v2\/tags?post=665"}],"curies":[{"name":"wp","href":"https:\/\/api.w.org\/{rel}","templated":true}]}}