{"id":858,"date":"2022-03-20T22:39:02","date_gmt":"2022-03-20T22:39:02","guid":{"rendered":"https:\/\/pueblasports.com\/?p=858"},"modified":"2022-03-20T22:39:02","modified_gmt":"2022-03-20T22:39:02","slug":"el-dominicano-alejandro-mejia-llega-a-pericos","status":"publish","type":"post","link":"https:\/\/pueblasports.com\/index.php\/2022\/03\/20\/el-dominicano-alejandro-mejia-llega-a-pericos\/","title":{"rendered":"El dominicano Alejandro Mej\u00eda llega a Pericos"},"content":{"rendered":"\n<p>Uno de los rostros nuevos de los Pericos de Puebla para esta campa\u00f1a 2022 es el dominicano Alejandro Mej\u00eda, pelotero que llega con el firme objetivo de adue\u00f1arse de un lugar en el orden al bat de la novena dirigida por Willie Romero.<\/p>\n\n\n\n<figure class=\"wp-block-image size-full\"><img loading=\"lazy\" width=\"958\" height=\"596\" src=\"https:\/\/pueblasports.com\/wp-content\/uploads\/2022\/03\/lmb-alejandro-mejia-ya-entrena.jpeg\" alt=\"\" class=\"wp-image-859\" srcset=\"https:\/\/pueblasports.com\/wp-content\/uploads\/2022\/03\/lmb-alejandro-mejia-ya-entrena.jpeg 958w, https:\/\/pueblasports.com\/wp-content\/uploads\/2022\/03\/lmb-alejandro-mejia-ya-entrena-300x187.jpeg 300w, https:\/\/pueblasports.com\/wp-content\/uploads\/2022\/03\/lmb-alejandro-mejia-ya-entrena-768x478.jpeg 768w\" sizes=\"(max-width: 958px) 100vw, 958px\" \/><figcaption>Foto: Cortes\u00eda<\/figcaption><\/figure>\n\n\n\n<p>Desde el primer d\u00eda del Spring Training, Alejandro Mej\u00eda report\u00f3 con los emplumados para adaptarse de inmediato a la altura de la ciudad y ponerse en forma para la presente temporada. Sin duda alguna formar\u00e1 parte importante de la ofensiva emplumada junto con Danny Ortiz y Peter O\u2019Brien.<\/p>\n\n\n\n<p>Alejandro Mej\u00eda cuenta con 29 a\u00f1os de edad y fue prospecto de los Cardenales de San Luis. Del 2016 al 2021 jug\u00f3 en el b\u00e9isbol japon\u00e9s con Hiroshima Carp. En ese lapso peg\u00f3 m\u00e1s de 80 jonrones.<\/p>\n\n\n\n<p>Defensivamente juega la primera y tercera base. En el pasado invierno jug\u00f3 con los Toros del Este en Rep\u00fablica Dominicana.<\/p>\n\n\n\n<p>Mej\u00eda buscar\u00e1 emular las actuaciones de otros peloteros dominicanos que han jugado con Pericos de Puebla en tiempos recientes, c\u00f3mo los casos de Willis Ota\u00f1ez, Mendy L\u00f3pez, Angel Berroa y Sandy Madera.<\/p>\n","protected":false},"excerpt":{"rendered":"<p>El dominicano Alejandro Mej\u00eda se une a la campa\u00f1a venidera de los Pericos de Puebla en la LMB, contando con experiencia en el b\u00e9isbol japon\u00e9s, siendo prospecto de los Cardenales de San Luis<\/p>\n","protected":false},"author":1,"featured_media":860,"comment_status":"open","ping_status":"open","sticky":false,"template":"","format":"standard","meta":[],"categories":[252],"tags":[345,329,267,266,346],"amp_enabled":true,"_links":{"self":[{"href":"https:\/\/pueblasports.com\/index.php\/wp-json\/wp\/v2\/posts\/858"}],"collection":[{"href":"https:\/\/pueblasports.com\/index.php\/wp-json\/wp\/v2\/posts"}],"about":[{"href":"https:\/\/pueblasports.com\/index.php\/wp-json\/wp\/v2\/types\/post"}],"author":[{"embeddable":true,"href":"https:\/\/pueblasports.com\/index.php\/wp-json\/wp\/v2\/users\/1"}],"replies":[{"embeddable":true,"href":"https:\/\/pueblasports.com\/index.php\/wp-json\/wp\/v2\/comments?post=858"}],"version-history":[{"count":1,"href":"https:\/\/pueblasports.com\/index.php\/wp-json\/wp\/v2\/posts\/858\/revisions"}],"predecessor-version":[{"id":861,"href":"https:\/\/pueblasports.com\/index.php\/wp-json\/wp\/v2\/posts\/858\/revisions\/861"}],"wp:featuredmedia":[{"embeddable":true,"href":"https:\/\/pueblasports.com\/index.php\/wp-json\/wp\/v2\/media\/860"}],"wp:attachment":[{"href":"https:\/\/pueblasports.com\/index.php\/wp-json\/wp\/v2\/media?parent=858"}],"wp:term":[{"taxonomy":"category","embeddable":true,"href":"https:\/\/pueblasports.com\/index.php\/wp-json\/wp\/v2\/categories?post=858"},{"taxonomy":"post_tag","embeddable":true,"href":"https:\/\/pueblasports.com\/index.php\/wp-json\/wp\/v2\/tags?post=858"}],"curies":[{"name":"wp","href":"https:\/\/api.w.org\/{rel}","templated":true}]}}